{"id":10862,"date":"2026-09-04T09:41:17","date_gmt":"2026-09-04T07:41:17","guid":{"rendered":"https:\/\/kymiring.com\/fi\/news\/"},"modified":"2026-09-04T09:44:00","modified_gmt":"2026-09-04T07:44:00","slug":"historic-kymi-race-historic-festival-2026-vauhdin-juhlaa-kymiringilla-5-6-9-2026","status":"publish","type":"post","link":"https:\/\/kymiring.com\/fi\/uutinen\/historic-kymi-race-historic-festival-2026-vauhdin-juhlaa-kymiringilla-5-6-9-2026\/","title":{"rendered":"Historic Kymi Race \u2013 Historic Festival 2026: Vauhdin juhlaa KymiRingill\u00e4 5.\u20136.9.2026!"},"content":{"rendered":"<div class=\"fusion-fullwidth fullwidth-box fusion-builder-row-1 fusion-flex-container has-pattern-background has-mask-background nonhundred-percent-fullwidth non-hundred-percent-height-scrolling\" style=\"--awb-border-radius-top-left:0px;--awb-border-radius-top-right:0px;--awb-border-radius-bottom-right:0px;--awb-border-radius-bottom-left:0px;--awb-flex-wrap:wrap;\" ><div class=\"fusion-builder-row fusion-row fusion-flex-align-items-flex-start fusion-flex-content-wrap\" style=\"max-width:1248px;margin-left: calc(-4% \/ 2 );margin-right: calc(-4% \/ 2 );\"><div class=\"fusion-layout-column fusion_builder_column fusion-builder-column-0 fusion_builder_column_1_1 1_1 fusion-flex-column\" style=\"--awb-bg-size:cover;--awb-width-large:100%;--awb-margin-top-large:0px;--awb-spacing-right-large:1.92%;--awb-margin-bottom-large:20px;--awb-spacing-left-large:1.92%;--awb-width-medium:100%;--awb-order-medium:0;--awb-spacing-right-medium:1.92%;--awb-spacing-left-medium:1.92%;--awb-width-small:100%;--awb-order-small:0;--awb-spacing-right-small:1.92%;--awb-spacing-left-small:1.92%;\"><div class=\"fusion-column-wrapper fusion-column-has-shadow fusion-flex-justify-content-flex-start fusion-content-layout-column\"><div class=\"fusion-text fusion-text-1\" style=\"--awb-text-color:var(--awb-custom_color_7);\"><p><strong>Tule kokemaan moottoriurheilun historia ja aito varikkotunnelma!<\/strong><\/p>\n<\/div><div class=\"fusion-text fusion-text-2\"><p>Huomenna KymiRingill\u00e4 alkaa\u00a0 Historic Kymi Race \u2013 Historic Festival 2026, joka kokoaa yhteen 140 kilpailijaa, jotka her\u00e4tt\u00e4v\u00e4t henkiin kilparatojen kulta-ajan. Historic Race Finland j\u00e4rjest\u00e4\u00e4 suositun rata-autokilpailun KymiRingill\u00e4! Tapahtumassa ajetaan Gulf Historic Race Cupin 7. ja 8. osakilpailut, ja viikonlopun aikana n\u00e4hd\u00e4\u00e4n jopa yhdeks\u00e4n vauhdikasta l\u00e4ht\u00f6\u00e4 p\u00e4iv\u00e4ss\u00e4.<\/p>\n<\/div><div class=\"fusion-text fusion-text-3\"><p><strong>P\u00e4\u00e4se keskelle toimintaa \u2013 Astu sis\u00e4\u00e4n varikolle!<\/strong><\/p>\n<\/div><div class=\"fusion-text fusion-text-4\"><p>Tapahtuma tarjoaa yleis\u00f6lle ainutlaatuisen tilaisuuden p\u00e4\u00e4st\u00e4 aistimaan aitoa ja el\u00e4v\u00e4ist\u00e4 varikkotunnelmaa aivan l\u00e4hiet\u00e4isyydelt\u00e4. Varikolla p\u00e4\u00e4set k\u00e4velem\u00e4\u00e4n klassikkoautojen seassa, seuraamaan mekaanikkojen ty\u00f6skentely\u00e4 ja tapaamaan kuljettajia, jotka kertovat mielell\u00e4\u00e4n autojensa tarinoita. Jokaisella kilpurilla on oma taustansa: osa on taistellut voitosta jo 1960-luvulla, osa taas on palautettu henkiin rakkaudella tehtyn\u00e4 entis\u00f6intiprojektina.<\/p>\n<\/div><div class=\"fusion-text fusion-text-5\"><p><strong>Mit\u00e4 tapahtumassa n\u00e4hd\u00e4\u00e4n?<\/strong><\/p>\n<\/div><div class=\"fusion-text fusion-text-6\"><ul>\n<li><strong>Historic-luokat:<\/strong> Radalla kilpailee alkuper\u00e4isi\u00e4 ja tarkoin entis\u00f6ityj\u00e4 autoja 1960\u20131990-luvuilta \u2013 samoja malleja, joita aikoinaan n\u00e4htiin N\u00fcrburgringill\u00e4 tai Keimolassa.<\/li>\n<li><strong>Laaja kirjo ratatyyppej\u00e4:<\/strong> Mukana ovat muun muassa Historic vakio-, GT- ja GTP-autot, Historic Formulat, Roadsport, Subaru Sport, Mini 1000 sek\u00e4 Fiat Historic Ratapotti.<\/li>\n<li><strong>Harrasteautoalue:<\/strong> Radan ulkopuolella on n\u00e4ytteill\u00e4 upeita klassikkoautoja ja kauniita urheiluautoja merkkikerhojen ja harrastajien kokoelmista.<\/li>\n<\/ul>\n<\/div><div class=\"fusion-text fusion-text-7\"><p>Tule kokemaan toimintaa varikkoalueella, moottoriurheilutunnelma ja vauhdikkaat kisal\u00e4hd\u00f6t \u2013 t\u00e4m\u00e4 on koko perheen ja kaikkien autoilusta kiinnostuneiden unohtumaton el\u00e4mys!<\/p>\n<p>Katso lis\u00e4tiedot ja aikataulu <a href=\"https:\/\/www.historicrace.fi\/historickymirace2026\/\">Historic Kymi Race sivuilta<\/a><\/p>\n<\/div><\/div><\/div><\/div><\/div>\n","protected":false},"excerpt":{"rendered":"","protected":false},"author":3,"featured_media":10863,"comment_status":"closed","ping_status":"open","sticky":false,"template":"","format":"standard","meta":{"_acf_changed":false,"inline_featured_image":false,"footnotes":""},"categories":[158],"tags":[],"class_list":["post-10862","post","type-post","status-publish","format-standard","has-post-thumbnail","hentry","category-uncategorized-fi"],"acf":[],"yoast_head":"<!-- This site is optimized with the Yoast SEO plugin v28.3 - https:\/\/yoast.com\/product\/yoast-seo-wordpress\/ -->\n<title>Historic Kymi Race \u2013 Historic Festival 2026: Vauhdin juhlaa KymiRingill\u00e4 5.\u20136.9.2026! - KymiRing Racing Circuit<\/title>\n<meta name=\"robots\" content=\"index, follow, max-snippet:-1, max-image-preview:large, max-video-preview:-1\" \/>\n<link rel=\"canonical\" href=\"https:\/\/kymiring.com\/fi\/uutinen\/historic-kymi-race-historic-festival-2026-vauhdin-juhlaa-kymiringilla-5-6-9-2026\/\" \/>\n<meta property=\"og:locale\" content=\"fi_FI\" \/>\n<meta property=\"og:type\" content=\"article\" \/>\n<meta property=\"og:title\" content=\"Historic Kymi Race \u2013 Historic Festival 2026: Vauhdin juhlaa KymiRingill\u00e4 5.\u20136.9.2026! - KymiRing Racing Circuit\" \/>\n<meta property=\"og:url\" content=\"https:\/\/kymiring.com\/fi\/uutinen\/historic-kymi-race-historic-festival-2026-vauhdin-juhlaa-kymiringilla-5-6-9-2026\/\" \/>\n<meta property=\"og:site_name\" content=\"KymiRing Racing Circuit\" \/>\n<meta property=\"article:published_time\" content=\"2026-09-04T07:41:17+00:00\" \/>\n<meta property=\"article:modified_time\" content=\"2026-09-04T07:44:00+00:00\" \/>\n<meta property=\"og:image\" content=\"https:\/\/kymiring.com\/wp-content\/uploads\/2026\/09\/jamimakela54803339542_af2aa64b83_o-1024x576.jpg\" \/>\n\t<meta property=\"og:image:width\" content=\"1024\" \/>\n\t<meta property=\"og:image:height\" content=\"576\" \/>\n\t<meta property=\"og:image:type\" content=\"image\/jpeg\" \/>\n<meta name=\"author\" content=\"Vilma Forsgren\" \/>\n<meta name=\"twitter:card\" content=\"summary_large_image\" \/>\n<meta name=\"twitter:label1\" content=\"Kirjoittanut\" \/>\n\t<meta name=\"twitter:data1\" content=\"Vilma Forsgren\" \/>\n\t<meta name=\"twitter:label2\" content=\"Arvioitu lukuaika\" \/>\n\t<meta name=\"twitter:data2\" content=\"2 minuuttia\" \/>\n<script type=\"application\/ld+json\" class=\"yoast-schema-graph\">{\"@context\":\"https:\\\/\\\/schema.org\",\"@graph\":[{\"@type\":\"Article\",\"@id\":\"https:\\\/\\\/kymiring.com\\\/fi\\\/uutinen\\\/historic-kymi-race-historic-festival-2026-vauhdin-juhlaa-kymiringilla-5-6-9-2026\\\/#article\",\"isPartOf\":{\"@id\":\"https:\\\/\\\/kymiring.com\\\/fi\\\/uutinen\\\/historic-kymi-race-historic-festival-2026-vauhdin-juhlaa-kymiringilla-5-6-9-2026\\\/\"},\"author\":{\"name\":\"Vilma Forsgren\",\"@id\":\"https:\\\/\\\/kymiring.com\\\/#\\\/schema\\\/person\\\/f6d37abd61afa7f81a7d77695510d8ed\"},\"headline\":\"Historic Kymi Race \u2013 Historic Festival 2026: Vauhdin juhlaa KymiRingill\u00e4 5.\u20136.9.2026!\",\"datePublished\":\"2026-09-04T07:41:17+00:00\",\"dateModified\":\"2026-09-04T07:44:00+00:00\",\"mainEntityOfPage\":{\"@id\":\"https:\\\/\\\/kymiring.com\\\/fi\\\/uutinen\\\/historic-kymi-race-historic-festival-2026-vauhdin-juhlaa-kymiringilla-5-6-9-2026\\\/\"},\"wordCount\":2121,\"image\":{\"@id\":\"https:\\\/\\\/kymiring.com\\\/fi\\\/uutinen\\\/historic-kymi-race-historic-festival-2026-vauhdin-juhlaa-kymiringilla-5-6-9-2026\\\/#primaryimage\"},\"thumbnailUrl\":\"https:\\\/\\\/kymiring.com\\\/wp-content\\\/uploads\\\/2026\\\/09\\\/jamimakela54803339542_af2aa64b83_o.jpg\",\"articleSection\":[\"Uncategorized @fi\"],\"inLanguage\":\"fi\"},{\"@type\":\"WebPage\",\"@id\":\"https:\\\/\\\/kymiring.com\\\/fi\\\/uutinen\\\/historic-kymi-race-historic-festival-2026-vauhdin-juhlaa-kymiringilla-5-6-9-2026\\\/\",\"url\":\"https:\\\/\\\/kymiring.com\\\/fi\\\/uutinen\\\/historic-kymi-race-historic-festival-2026-vauhdin-juhlaa-kymiringilla-5-6-9-2026\\\/\",\"name\":\"Historic Kymi Race \u2013 Historic Festival 2026: Vauhdin juhlaa KymiRingill\u00e4 5.\u20136.9.2026! - KymiRing Racing Circuit\",\"isPartOf\":{\"@id\":\"https:\\\/\\\/kymiring.com\\\/#website\"},\"primaryImageOfPage\":{\"@id\":\"https:\\\/\\\/kymiring.com\\\/fi\\\/uutinen\\\/historic-kymi-race-historic-festival-2026-vauhdin-juhlaa-kymiringilla-5-6-9-2026\\\/#primaryimage\"},\"image\":{\"@id\":\"https:\\\/\\\/kymiring.com\\\/fi\\\/uutinen\\\/historic-kymi-race-historic-festival-2026-vauhdin-juhlaa-kymiringilla-5-6-9-2026\\\/#primaryimage\"},\"thumbnailUrl\":\"https:\\\/\\\/kymiring.com\\\/wp-content\\\/uploads\\\/2026\\\/09\\\/jamimakela54803339542_af2aa64b83_o.jpg\",\"datePublished\":\"2026-09-04T07:41:17+00:00\",\"dateModified\":\"2026-09-04T07:44:00+00:00\",\"author\":{\"@id\":\"https:\\\/\\\/kymiring.com\\\/#\\\/schema\\\/person\\\/f6d37abd61afa7f81a7d77695510d8ed\"},\"breadcrumb\":{\"@id\":\"https:\\\/\\\/kymiring.com\\\/fi\\\/uutinen\\\/historic-kymi-race-historic-festival-2026-vauhdin-juhlaa-kymiringilla-5-6-9-2026\\\/#breadcrumb\"},\"inLanguage\":\"fi\",\"potentialAction\":[{\"@type\":\"ReadAction\",\"target\":[\"https:\\\/\\\/kymiring.com\\\/fi\\\/uutinen\\\/historic-kymi-race-historic-festival-2026-vauhdin-juhlaa-kymiringilla-5-6-9-2026\\\/\"]}]},{\"@type\":\"ImageObject\",\"inLanguage\":\"fi\",\"@id\":\"https:\\\/\\\/kymiring.com\\\/fi\\\/uutinen\\\/historic-kymi-race-historic-festival-2026-vauhdin-juhlaa-kymiringilla-5-6-9-2026\\\/#primaryimage\",\"url\":\"https:\\\/\\\/kymiring.com\\\/wp-content\\\/uploads\\\/2026\\\/09\\\/jamimakela54803339542_af2aa64b83_o.jpg\",\"contentUrl\":\"https:\\\/\\\/kymiring.com\\\/wp-content\\\/uploads\\\/2026\\\/09\\\/jamimakela54803339542_af2aa64b83_o.jpg\",\"width\":2000,\"height\":1125},{\"@type\":\"BreadcrumbList\",\"@id\":\"https:\\\/\\\/kymiring.com\\\/fi\\\/uutinen\\\/historic-kymi-race-historic-festival-2026-vauhdin-juhlaa-kymiringilla-5-6-9-2026\\\/#breadcrumb\",\"itemListElement\":[{\"@type\":\"ListItem\",\"position\":1,\"name\":\"Etusivu\",\"item\":\"https:\\\/\\\/kymiring.com\\\/fi\\\/\"},{\"@type\":\"ListItem\",\"position\":2,\"name\":\"Historic Kymi Race \u2013 Historic Festival 2026: Vauhdin juhlaa KymiRingill\u00e4 5.\u20136.9.2026!\"}]},{\"@type\":\"WebSite\",\"@id\":\"https:\\\/\\\/kymiring.com\\\/#website\",\"url\":\"https:\\\/\\\/kymiring.com\\\/\",\"name\":\"KymiRing Racing Circuit\",\"description\":\"Pohjois-Euroopan ainoa GP-rata\\n\",\"potentialAction\":[{\"@type\":\"SearchAction\",\"target\":{\"@type\":\"EntryPoint\",\"urlTemplate\":\"https:\\\/\\\/kymiring.com\\\/?s={search_term_string}\"},\"query-input\":{\"@type\":\"PropertyValueSpecification\",\"valueRequired\":true,\"valueName\":\"search_term_string\"}}],\"inLanguage\":\"fi\"},{\"@type\":\"Person\",\"@id\":\"https:\\\/\\\/kymiring.com\\\/#\\\/schema\\\/person\\\/f6d37abd61afa7f81a7d77695510d8ed\",\"name\":\"Vilma Forsgren\",\"image\":{\"@type\":\"ImageObject\",\"inLanguage\":\"fi\",\"@id\":\"https:\\\/\\\/secure.gravatar.com\\\/avatar\\\/5fe4d1987be87e95258d4be1b14a57450cf080b9b062a782dfbf7451fe85f3fc?s=96&d=mm&r=g\",\"url\":\"https:\\\/\\\/secure.gravatar.com\\\/avatar\\\/5fe4d1987be87e95258d4be1b14a57450cf080b9b062a782dfbf7451fe85f3fc?s=96&d=mm&r=g\",\"contentUrl\":\"https:\\\/\\\/secure.gravatar.com\\\/avatar\\\/5fe4d1987be87e95258d4be1b14a57450cf080b9b062a782dfbf7451fe85f3fc?s=96&d=mm&r=g\",\"caption\":\"Vilma Forsgren\"},\"url\":\"https:\\\/\\\/kymiring.com\\\/fi\\\/author\\\/vilma_forsgren\\\/\"}]}<\/script>\n<!-- \/ Yoast SEO plugin. -->","yoast_head_json":{"title":"Historic Kymi Race \u2013 Historic Festival 2026: Vauhdin juhlaa KymiRingill\u00e4 5.\u20136.9.2026! - KymiRing Racing Circuit","robots":{"index":"index","follow":"follow","max-snippet":"max-snippet:-1","max-image-preview":"max-image-preview:large","max-video-preview":"max-video-preview:-1"},"canonical":"https:\/\/kymiring.com\/fi\/uutinen\/historic-kymi-race-historic-festival-2026-vauhdin-juhlaa-kymiringilla-5-6-9-2026\/","og_locale":"fi_FI","og_type":"article","og_title":"Historic Kymi Race \u2013 Historic Festival 2026: Vauhdin juhlaa KymiRingill\u00e4 5.\u20136.9.2026! - KymiRing Racing Circuit","og_url":"https:\/\/kymiring.com\/fi\/uutinen\/historic-kymi-race-historic-festival-2026-vauhdin-juhlaa-kymiringilla-5-6-9-2026\/","og_site_name":"KymiRing Racing Circuit","article_published_time":"2026-09-04T07:41:17+00:00","article_modified_time":"2026-09-04T07:44:00+00:00","og_image":[{"width":1024,"height":576,"url":"https:\/\/kymiring.com\/wp-content\/uploads\/2026\/09\/jamimakela54803339542_af2aa64b83_o-1024x576.jpg","type":"image\/jpeg"}],"author":"Vilma Forsgren","twitter_card":"summary_large_image","twitter_misc":{"Kirjoittanut":"Vilma Forsgren","Arvioitu lukuaika":"2 minuuttia"},"schema":{"@context":"https:\/\/schema.org","@graph":[{"@type":"Article","@id":"https:\/\/kymiring.com\/fi\/uutinen\/historic-kymi-race-historic-festival-2026-vauhdin-juhlaa-kymiringilla-5-6-9-2026\/#article","isPartOf":{"@id":"https:\/\/kymiring.com\/fi\/uutinen\/historic-kymi-race-historic-festival-2026-vauhdin-juhlaa-kymiringilla-5-6-9-2026\/"},"author":{"name":"Vilma Forsgren","@id":"https:\/\/kymiring.com\/#\/schema\/person\/f6d37abd61afa7f81a7d77695510d8ed"},"headline":"Historic Kymi Race \u2013 Historic Festival 2026: Vauhdin juhlaa KymiRingill\u00e4 5.\u20136.9.2026!","datePublished":"2026-09-04T07:41:17+00:00","dateModified":"2026-09-04T07:44:00+00:00","mainEntityOfPage":{"@id":"https:\/\/kymiring.com\/fi\/uutinen\/historic-kymi-race-historic-festival-2026-vauhdin-juhlaa-kymiringilla-5-6-9-2026\/"},"wordCount":2121,"image":{"@id":"https:\/\/kymiring.com\/fi\/uutinen\/historic-kymi-race-historic-festival-2026-vauhdin-juhlaa-kymiringilla-5-6-9-2026\/#primaryimage"},"thumbnailUrl":"https:\/\/kymiring.com\/wp-content\/uploads\/2026\/09\/jamimakela54803339542_af2aa64b83_o.jpg","articleSection":["Uncategorized @fi"],"inLanguage":"fi"},{"@type":"WebPage","@id":"https:\/\/kymiring.com\/fi\/uutinen\/historic-kymi-race-historic-festival-2026-vauhdin-juhlaa-kymiringilla-5-6-9-2026\/","url":"https:\/\/kymiring.com\/fi\/uutinen\/historic-kymi-race-historic-festival-2026-vauhdin-juhlaa-kymiringilla-5-6-9-2026\/","name":"Historic Kymi Race \u2013 Historic Festival 2026: Vauhdin juhlaa KymiRingill\u00e4 5.\u20136.9.2026! - KymiRing Racing Circuit","isPartOf":{"@id":"https:\/\/kymiring.com\/#website"},"primaryImageOfPage":{"@id":"https:\/\/kymiring.com\/fi\/uutinen\/historic-kymi-race-historic-festival-2026-vauhdin-juhlaa-kymiringilla-5-6-9-2026\/#primaryimage"},"image":{"@id":"https:\/\/kymiring.com\/fi\/uutinen\/historic-kymi-race-historic-festival-2026-vauhdin-juhlaa-kymiringilla-5-6-9-2026\/#primaryimage"},"thumbnailUrl":"https:\/\/kymiring.com\/wp-content\/uploads\/2026\/09\/jamimakela54803339542_af2aa64b83_o.jpg","datePublished":"2026-09-04T07:41:17+00:00","dateModified":"2026-09-04T07:44:00+00:00","author":{"@id":"https:\/\/kymiring.com\/#\/schema\/person\/f6d37abd61afa7f81a7d77695510d8ed"},"breadcrumb":{"@id":"https:\/\/kymiring.com\/fi\/uutinen\/historic-kymi-race-historic-festival-2026-vauhdin-juhlaa-kymiringilla-5-6-9-2026\/#breadcrumb"},"inLanguage":"fi","potentialAction":[{"@type":"ReadAction","target":["https:\/\/kymiring.com\/fi\/uutinen\/historic-kymi-race-historic-festival-2026-vauhdin-juhlaa-kymiringilla-5-6-9-2026\/"]}]},{"@type":"ImageObject","inLanguage":"fi","@id":"https:\/\/kymiring.com\/fi\/uutinen\/historic-kymi-race-historic-festival-2026-vauhdin-juhlaa-kymiringilla-5-6-9-2026\/#primaryimage","url":"https:\/\/kymiring.com\/wp-content\/uploads\/2026\/09\/jamimakela54803339542_af2aa64b83_o.jpg","contentUrl":"https:\/\/kymiring.com\/wp-content\/uploads\/2026\/09\/jamimakela54803339542_af2aa64b83_o.jpg","width":2000,"height":1125},{"@type":"BreadcrumbList","@id":"https:\/\/kymiring.com\/fi\/uutinen\/historic-kymi-race-historic-festival-2026-vauhdin-juhlaa-kymiringilla-5-6-9-2026\/#breadcrumb","itemListElement":[{"@type":"ListItem","position":1,"name":"Etusivu","item":"https:\/\/kymiring.com\/fi\/"},{"@type":"ListItem","position":2,"name":"Historic Kymi Race \u2013 Historic Festival 2026: Vauhdin juhlaa KymiRingill\u00e4 5.\u20136.9.2026!"}]},{"@type":"WebSite","@id":"https:\/\/kymiring.com\/#website","url":"https:\/\/kymiring.com\/","name":"KymiRing Racing Circuit","description":"Pohjois-Euroopan ainoa GP-rata\n","potentialAction":[{"@type":"SearchAction","target":{"@type":"EntryPoint","urlTemplate":"https:\/\/kymiring.com\/?s={search_term_string}"},"query-input":{"@type":"PropertyValueSpecification","valueRequired":true,"valueName":"search_term_string"}}],"inLanguage":"fi"},{"@type":"Person","@id":"https:\/\/kymiring.com\/#\/schema\/person\/f6d37abd61afa7f81a7d77695510d8ed","name":"Vilma Forsgren","image":{"@type":"ImageObject","inLanguage":"fi","@id":"https:\/\/secure.gravatar.com\/avatar\/5fe4d1987be87e95258d4be1b14a57450cf080b9b062a782dfbf7451fe85f3fc?s=96&d=mm&r=g","url":"https:\/\/secure.gravatar.com\/avatar\/5fe4d1987be87e95258d4be1b14a57450cf080b9b062a782dfbf7451fe85f3fc?s=96&d=mm&r=g","contentUrl":"https:\/\/secure.gravatar.com\/avatar\/5fe4d1987be87e95258d4be1b14a57450cf080b9b062a782dfbf7451fe85f3fc?s=96&d=mm&r=g","caption":"Vilma Forsgren"},"url":"https:\/\/kymiring.com\/fi\/author\/vilma_forsgren\/"}]}},"_links":{"self":[{"href":"https:\/\/kymiring.com\/fi\/wp-json\/wp\/v2\/posts\/10862","targetHints":{"allow":["GET"]}}],"collection":[{"href":"https:\/\/kymiring.com\/fi\/wp-json\/wp\/v2\/posts"}],"about":[{"href":"https:\/\/kymiring.com\/fi\/wp-json\/wp\/v2\/types\/post"}],"author":[{"embeddable":true,"href":"https:\/\/kymiring.com\/fi\/wp-json\/wp\/v2\/users\/3"}],"replies":[{"embeddable":true,"href":"https:\/\/kymiring.com\/fi\/wp-json\/wp\/v2\/comments?post=10862"}],"version-history":[{"count":4,"href":"https:\/\/kymiring.com\/fi\/wp-json\/wp\/v2\/posts\/10862\/revisions"}],"predecessor-version":[{"id":10865,"href":"https:\/\/kymiring.com\/fi\/wp-json\/wp\/v2\/posts\/10862\/revisions\/10865"}],"wp:featuredmedia":[{"embeddable":true,"href":"https:\/\/kymiring.com\/fi\/wp-json\/wp\/v2\/media\/10863"}],"wp:attachment":[{"href":"https:\/\/kymiring.com\/fi\/wp-json\/wp\/v2\/media?parent=10862"}],"wp:term":[{"taxonomy":"category","embeddable":true,"href":"https:\/\/kymiring.com\/fi\/wp-json\/wp\/v2\/categories?post=10862"},{"taxonomy":"post_tag","embeddable":true,"href":"https:\/\/kymiring.com\/fi\/wp-json\/wp\/v2\/tags?post=10862"}],"curies":[{"name":"wp","href":"https:\/\/api.w.org\/{rel}","templated":true}]}}