{"id":7947,"date":"2025-07-14T16:21:45","date_gmt":"2025-07-14T14:21:45","guid":{"rendered":"https:\/\/kymiring.com\/news\/thousands-enjoyed-sunny-mxgp-action-at-kymiring\/"},"modified":"2025-12-02T17:53:59","modified_gmt":"2025-12-02T16:53:59","slug":"tuhatpainen-yleiso-nautti-kymiringilla-auringonpaisteessa-mm-motocrossista","status":"publish","type":"post","link":"https:\/\/kymiring.com\/fi\/uutinen\/tuhatpainen-yleiso-nautti-kymiringilla-auringonpaisteessa-mm-motocrossista\/","title":{"rendered":"Tuhatp\u00e4inen yleis\u00f6 nautti KymiRingill\u00e4 auringonpaisteessa MM-motocrossista"},"content":{"rendered":"<div class=\"fusion-fullwidth fullwidth-box fusion-builder-row-1 fusion-flex-container has-pattern-background has-mask-background nonhundred-percent-fullwidth non-hundred-percent-height-scrolling\" style=\"--awb-border-radius-top-left:0px;--awb-border-radius-top-right:0px;--awb-border-radius-bottom-right:0px;--awb-border-radius-bottom-left:0px;--awb-padding-top-small:0px;--awb-padding-right-small:0px;--awb-padding-bottom-small:0px;--awb-padding-left-small:0px;--awb-flex-wrap:wrap;\" ><div class=\"fusion-builder-row fusion-row fusion-flex-align-items-flex-start fusion-flex-content-wrap\" style=\"max-width:1248px;margin-left: calc(-4% \/ 2 );margin-right: calc(-4% \/ 2 );\"><div class=\"fusion-layout-column fusion_builder_column fusion-builder-column-0 fusion_builder_column_1_1 1_1 fusion-flex-column\" style=\"--awb-bg-size:cover;--awb-width-large:100%;--awb-margin-top-large:0px;--awb-spacing-right-large:0%;--awb-margin-bottom-large:20px;--awb-spacing-left-large:0%;--awb-width-medium:100%;--awb-order-medium:0;--awb-spacing-right-medium:0%;--awb-spacing-left-medium:0%;--awb-width-small:100%;--awb-order-small:0;--awb-spacing-right-small:1.92%;--awb-spacing-left-small:1.92%;\"><div class=\"fusion-column-wrapper fusion-column-has-shadow fusion-flex-justify-content-flex-start fusion-content-layout-column\"><div class=\"fusion-text fusion-text-1 fusion-text-no-margin\" style=\"--awb-font-size:18px;--awb-text-color:var(--awb-color3);--awb-margin-bottom:25px;\"><p><strong>Suurilukuinen yleis\u00f6 nautti t\u00e4n\u00e4\u00e4n KymiRingill\u00e4 motocrossin MM-osakilpailusta ja todisti belgialaisen teinisensaation ylivoimaa.<\/strong><\/p>\n<\/div><div class=\"fusion-text fusion-text-2 fusion-text-no-margin\" style=\"--awb-margin-bottom:50px;\"><p>KymiRingill\u00e4 p\u00e4\u00e4ttyi juuri sen historian ensimm\u00e4inen motocrossin MM-osakilpailu. Ennakkohuolista huolimatta tapahtuma sujui eritt\u00e4in onnistuneesti, ja paikalle oli saapunut runsaasti yleis\u00f6\u00e4. Kilpailuradan valmistumista ep\u00e4iltiin viel\u00e4 ennen viikonloppua, mutta lehdist\u00f6tilaisuudessa kuljettajat kehuivat rataa vuolaasti, ja KymiRingin fasiliteetit saivat yleisesti paljon kiitosta.<\/p>\n<p>\u2013 Ensimm\u00e4inen MM-osakilpailu oli meille suuri virstanpylv\u00e4s, ja nyt se on saavutettu. Yleiskuva on todella positiivinen, ja saimme paljon kehuja tiimeilt\u00e4, kuljettajilta sek\u00e4 promoottorilta. Yleis\u00f6 vaikutti my\u00f6s viihtyv\u00e4n hyvin aurinkoisessa s\u00e4\u00e4ss\u00e4, kertoi tyytyv\u00e4inen KymiRingin toimitusjohtaja Kornel \u00d6ry.<\/p>\n<p>Teinisensaatio Lucas Coenen, 18, voitti MXGP-luokan n\u00e4yt\u00f6styyliin kaaduttuaan toisen er\u00e4n aikana. Nuorukainen jopa ep\u00e4ili kilpailun j\u00e4lkeisess\u00e4 lehdist\u00f6tilaisuudessa, ett\u00e4 muut olisivat kaatuneet heti ensimm\u00e4isell\u00e4 kierroksella, kun ket\u00e4\u00e4n ei n\u00e4kynyt per\u00e4ss\u00e4. MX2-luokassa voittoon ajoi l\u00e4hes yht\u00e4 ylivoimaisesti hollantilainen, hallitseva maailmanmestari Kay de Wolf.<\/p>\n<\/div><div class=\"fusion-image-element \" style=\"text-align:center;--awb-margin-bottom:5%;--awb-caption-title-font-family:var(--h2_typography-font-family);--awb-caption-title-font-weight:var(--h2_typography-font-weight);--awb-caption-title-font-style:var(--h2_typography-font-style);--awb-caption-title-size:var(--h2_typography-font-size);--awb-caption-title-transform:var(--h2_typography-text-transform);--awb-caption-title-line-height:var(--h2_typography-line-height);--awb-caption-title-letter-spacing:var(--h2_typography-letter-spacing);\"><span class=\" fusion-imageframe imageframe-none imageframe-1 hover-type-none\"><img decoding=\"async\" width=\"1024\" height=\"683\" title=\"Lucas_Coenen_Kuva_Niklas_Hampinen2\" src=\"https:\/\/kymiring.com\/wp-content\/uploads\/2025\/12\/Lucas_Coenen_Kuva_Niklas_Hampinen2.webp\" data-orig-src=\"https:\/\/kymiring.com\/wp-content\/uploads\/2025\/12\/Lucas_Coenen_Kuva_Niklas_Hampinen2-1024x683.webp\" alt class=\"lazyload img-responsive wp-image-7949\" srcset=\"data:image\/svg+xml,%3Csvg%20xmlns%3D%27http%3A%2F%2Fwww.w3.org%2F2000%2Fsvg%27%20width%3D%271280%27%20height%3D%27854%27%20viewBox%3D%270%200%201280%20854%27%3E%3Crect%20width%3D%271280%27%20height%3D%27854%27%20fill-opacity%3D%220%22%2F%3E%3C%2Fsvg%3E\" data-srcset=\"https:\/\/kymiring.com\/wp-content\/uploads\/2025\/12\/Lucas_Coenen_Kuva_Niklas_Hampinen2-200x133.webp 200w, https:\/\/kymiring.com\/wp-content\/uploads\/2025\/12\/Lucas_Coenen_Kuva_Niklas_Hampinen2-300x200.webp 300w, https:\/\/kymiring.com\/wp-content\/uploads\/2025\/12\/Lucas_Coenen_Kuva_Niklas_Hampinen2-400x267.webp 400w, https:\/\/kymiring.com\/wp-content\/uploads\/2025\/12\/Lucas_Coenen_Kuva_Niklas_Hampinen2-600x400.webp 600w, https:\/\/kymiring.com\/wp-content\/uploads\/2025\/12\/Lucas_Coenen_Kuva_Niklas_Hampinen2-768x512.webp 768w, https:\/\/kymiring.com\/wp-content\/uploads\/2025\/12\/Lucas_Coenen_Kuva_Niklas_Hampinen2-800x534.webp 800w, https:\/\/kymiring.com\/wp-content\/uploads\/2025\/12\/Lucas_Coenen_Kuva_Niklas_Hampinen2-1024x683.webp 1024w, https:\/\/kymiring.com\/wp-content\/uploads\/2025\/12\/Lucas_Coenen_Kuva_Niklas_Hampinen2-1200x801.webp 1200w, https:\/\/kymiring.com\/wp-content\/uploads\/2025\/12\/Lucas_Coenen_Kuva_Niklas_Hampinen2.webp 1280w\" data-sizes=\"auto\" data-orig-sizes=\"(max-width: 900px) 100vw, 1024px\" \/><\/span><\/div><div class=\"fusion-text fusion-text-3 fusion-text-no-margin\" style=\"--awb-margin-bottom:50px;\"><p>P\u00e4iv\u00e4n parhaasta suomalaisesta suorituksesta vastasi MX2-luokan Kasimir Hindersson, joka ajoi ensimm\u00e4isess\u00e4 er\u00e4ss\u00e4 upeasti sijalle 14 ja oli viikonlopun yhteistuloksissa 15:s, ker\u00e4ten yhteens\u00e4 12 MM-pistett\u00e4.<\/p>\n<p>\u2013 T\u00e4m\u00e4 oli urani ensimm\u00e4inen MM-osakilpailu, ja aluksi j\u00e4nnitti aika paljon, mutta huomasin nopeasti viikonlopun aikana pystyv\u00e4ni haastamaan muita kuljettajia. Toisessa er\u00e4ss\u00e4 pystyin haastamaan jo tosi koviakin kuskeja, mutta kroppa ei ollut viel\u00e4 valmis siihen intensiteettiin. Olen tosi tyytyv\u00e4inen viikonloppuun, ja oli mukava ajaa MM-osakilpailu Suomessa, Hindersson kertoi.<\/p>\n<\/div><div class=\"fusion-image-element \" style=\"text-align:center;--awb-margin-bottom:5%;--awb-caption-title-font-family:var(--h2_typography-font-family);--awb-caption-title-font-weight:var(--h2_typography-font-weight);--awb-caption-title-font-style:var(--h2_typography-font-style);--awb-caption-title-size:var(--h2_typography-font-size);--awb-caption-title-transform:var(--h2_typography-text-transform);--awb-caption-title-line-height:var(--h2_typography-line-height);--awb-caption-title-letter-spacing:var(--h2_typography-letter-spacing);\"><span class=\" fusion-imageframe imageframe-none imageframe-2 hover-type-none\"><img decoding=\"async\" width=\"1024\" height=\"682\" title=\"Kasimir_Hindersson_Kuva_Niklas_Hampinen\" src=\"https:\/\/kymiring.com\/wp-content\/uploads\/2025\/12\/Kasimir_Hindersson_Kuva_Niklas_Hampinen.webp\" data-orig-src=\"https:\/\/kymiring.com\/wp-content\/uploads\/2025\/12\/Kasimir_Hindersson_Kuva_Niklas_Hampinen-1024x682.webp\" alt class=\"lazyload img-responsive wp-image-7950\" srcset=\"data:image\/svg+xml,%3Csvg%20xmlns%3D%27http%3A%2F%2Fwww.w3.org%2F2000%2Fsvg%27%20width%3D%271280%27%20height%3D%27852%27%20viewBox%3D%270%200%201280%20852%27%3E%3Crect%20width%3D%271280%27%20height%3D%27852%27%20fill-opacity%3D%220%22%2F%3E%3C%2Fsvg%3E\" data-srcset=\"https:\/\/kymiring.com\/wp-content\/uploads\/2025\/12\/Kasimir_Hindersson_Kuva_Niklas_Hampinen-200x133.webp 200w, https:\/\/kymiring.com\/wp-content\/uploads\/2025\/12\/Kasimir_Hindersson_Kuva_Niklas_Hampinen-300x200.webp 300w, https:\/\/kymiring.com\/wp-content\/uploads\/2025\/12\/Kasimir_Hindersson_Kuva_Niklas_Hampinen-400x266.webp 400w, https:\/\/kymiring.com\/wp-content\/uploads\/2025\/12\/Kasimir_Hindersson_Kuva_Niklas_Hampinen-600x399.webp 600w, https:\/\/kymiring.com\/wp-content\/uploads\/2025\/12\/Kasimir_Hindersson_Kuva_Niklas_Hampinen-768x511.webp 768w, https:\/\/kymiring.com\/wp-content\/uploads\/2025\/12\/Kasimir_Hindersson_Kuva_Niklas_Hampinen-800x533.webp 800w, https:\/\/kymiring.com\/wp-content\/uploads\/2025\/12\/Kasimir_Hindersson_Kuva_Niklas_Hampinen-1024x682.webp 1024w, https:\/\/kymiring.com\/wp-content\/uploads\/2025\/12\/Kasimir_Hindersson_Kuva_Niklas_Hampinen-1200x799.webp 1200w, https:\/\/kymiring.com\/wp-content\/uploads\/2025\/12\/Kasimir_Hindersson_Kuva_Niklas_Hampinen.webp 1280w\" data-sizes=\"auto\" data-orig-sizes=\"(max-width: 900px) 100vw, 1024px\" \/><\/span><\/div><div class=\"fusion-text fusion-text-4 fusion-text-no-margin\" style=\"--awb-margin-bottom:50px;\"><p>Hinderssonin lis\u00e4ksi MM-pisteit\u00e4 Suomeen toivat my\u00f6s Pekka Nissinen, Kasper Kangasniemi ja Miro Varjonen MXGP-luokassa. Nissinen oli viikonlopun yhteistuloksissa 19:s, Kangasniemi 20:s ja Varjonen 21:s.<\/p>\n<p>EM-luokissa parhaasta suomalais\u00adsuorituksesta vastasi eilen aika-ajossa onnistunut Arttu Sahlst\u00e9n EMX125-luokassa, ollen t\u00e4n\u00e4\u00e4n ajetussa toisessa er\u00e4ss\u00e4 14:s. EMX250-luokassa paras suomalainen oli Onni Jaakonsaari, joka sijoittui 17:nneksi.<\/p>\n<\/div><div class=\"fusion-image-element \" style=\"text-align:center;--awb-margin-bottom:5%;--awb-caption-title-font-family:var(--h2_typography-font-family);--awb-caption-title-font-weight:var(--h2_typography-font-weight);--awb-caption-title-font-style:var(--h2_typography-font-style);--awb-caption-title-size:var(--h2_typography-font-size);--awb-caption-title-transform:var(--h2_typography-text-transform);--awb-caption-title-line-height:var(--h2_typography-line-height);--awb-caption-title-letter-spacing:var(--h2_typography-letter-spacing);\"><span class=\" fusion-imageframe imageframe-none imageframe-3 hover-type-none\"><img decoding=\"async\" width=\"1024\" height=\"682\" title=\"Kay_de_Wolf_Kuva_Niklas_Hampinen\" src=\"https:\/\/kymiring.com\/wp-content\/uploads\/2025\/12\/Kay_de_Wolf_Kuva_Niklas_Hampinen.webp\" data-orig-src=\"https:\/\/kymiring.com\/wp-content\/uploads\/2025\/12\/Kay_de_Wolf_Kuva_Niklas_Hampinen-1024x682.webp\" alt class=\"lazyload img-responsive wp-image-7951\" srcset=\"data:image\/svg+xml,%3Csvg%20xmlns%3D%27http%3A%2F%2Fwww.w3.org%2F2000%2Fsvg%27%20width%3D%271280%27%20height%3D%27852%27%20viewBox%3D%270%200%201280%20852%27%3E%3Crect%20width%3D%271280%27%20height%3D%27852%27%20fill-opacity%3D%220%22%2F%3E%3C%2Fsvg%3E\" data-srcset=\"https:\/\/kymiring.com\/wp-content\/uploads\/2025\/12\/Kay_de_Wolf_Kuva_Niklas_Hampinen-200x133.webp 200w, https:\/\/kymiring.com\/wp-content\/uploads\/2025\/12\/Kay_de_Wolf_Kuva_Niklas_Hampinen-300x200.webp 300w, https:\/\/kymiring.com\/wp-content\/uploads\/2025\/12\/Kay_de_Wolf_Kuva_Niklas_Hampinen-400x266.webp 400w, https:\/\/kymiring.com\/wp-content\/uploads\/2025\/12\/Kay_de_Wolf_Kuva_Niklas_Hampinen-600x399.webp 600w, https:\/\/kymiring.com\/wp-content\/uploads\/2025\/12\/Kay_de_Wolf_Kuva_Niklas_Hampinen-768x511.webp 768w, https:\/\/kymiring.com\/wp-content\/uploads\/2025\/12\/Kay_de_Wolf_Kuva_Niklas_Hampinen-800x533.webp 800w, https:\/\/kymiring.com\/wp-content\/uploads\/2025\/12\/Kay_de_Wolf_Kuva_Niklas_Hampinen-1024x682.webp 1024w, https:\/\/kymiring.com\/wp-content\/uploads\/2025\/12\/Kay_de_Wolf_Kuva_Niklas_Hampinen-1200x799.webp 1200w, https:\/\/kymiring.com\/wp-content\/uploads\/2025\/12\/Kay_de_Wolf_Kuva_Niklas_Hampinen.webp 1280w\" data-sizes=\"auto\" data-orig-sizes=\"(max-width: 900px) 100vw, 1024px\" \/><\/span><\/div><\/div><\/div><\/div><\/div>\n","protected":false},"excerpt":{"rendered":"<p>Aliquam eu nunc. Maecenas vestibulum mollis diam. Sed libero.<\/p>\n","protected":false},"author":1,"featured_media":7948,"comment_status":"open","ping_status":"open","sticky":false,"template":"","format":"standard","meta":{"_acf_changed":false,"inline_featured_image":false,"footnotes":""},"categories":[198],"tags":[],"class_list":["post-7947","post","type-post","status-publish","format-standard","has-post-thumbnail","hentry","category-news1"],"acf":[],"yoast_head":"<!-- This site is optimized with the Yoast SEO plugin v27.4 - https:\/\/yoast.com\/product\/yoast-seo-wordpress\/ -->\n<title>Tuhatp\u00e4inen yleis\u00f6 nautti KymiRingill\u00e4 auringonpaisteessa MM-motocrossista - KymiRing Racing Circuit<\/title>\n<meta name=\"robots\" content=\"index, follow, max-snippet:-1, max-image-preview:large, max-video-preview:-1\" \/>\n<link rel=\"canonical\" href=\"https:\/\/kymiring.com\/fi\/uutinen\/tuhatpainen-yleiso-nautti-kymiringilla-auringonpaisteessa-mm-motocrossista\/\" \/>\n<meta property=\"og:locale\" content=\"fi_FI\" \/>\n<meta property=\"og:type\" content=\"article\" \/>\n<meta property=\"og:title\" content=\"Tuhatp\u00e4inen yleis\u00f6 nautti KymiRingill\u00e4 auringonpaisteessa MM-motocrossista - KymiRing Racing Circuit\" \/>\n<meta property=\"og:description\" content=\"Aliquam eu nunc. Maecenas vestibulum mollis diam. Sed libero.\" \/>\n<meta property=\"og:url\" content=\"https:\/\/kymiring.com\/fi\/uutinen\/tuhatpainen-yleiso-nautti-kymiringilla-auringonpaisteessa-mm-motocrossista\/\" \/>\n<meta property=\"og:site_name\" content=\"KymiRing Racing Circuit\" \/>\n<meta property=\"article:published_time\" content=\"2025-07-14T14:21:45+00:00\" \/>\n<meta property=\"article:modified_time\" content=\"2025-12-02T16:53:59+00:00\" \/>\n<meta property=\"og:image\" content=\"https:\/\/kymiring.com\/wp-content\/uploads\/2025\/12\/Yleiskuva_Kuva_Niklas_Hampinen.webp\" \/>\n\t<meta property=\"og:image:width\" content=\"1280\" \/>\n\t<meta property=\"og:image:height\" content=\"854\" \/>\n\t<meta property=\"og:image:type\" content=\"image\/webp\" \/>\n<meta name=\"author\" content=\"hrenko_admin\" \/>\n<meta name=\"twitter:card\" content=\"summary_large_image\" \/>\n<meta name=\"twitter:label1\" content=\"Kirjoittanut\" \/>\n\t<meta name=\"twitter:data1\" content=\"hrenko_admin\" \/>\n\t<meta name=\"twitter:label2\" content=\"Arvioitu lukuaika\" \/>\n\t<meta name=\"twitter:data2\" content=\"3 minuuttia\" \/>\n<script type=\"application\/ld+json\" class=\"yoast-schema-graph\">{\"@context\":\"https:\\\/\\\/schema.org\",\"@graph\":[{\"@type\":\"Article\",\"@id\":\"https:\\\/\\\/kymiring.com\\\/fi\\\/uutinen\\\/tuhatpainen-yleiso-nautti-kymiringilla-auringonpaisteessa-mm-motocrossista\\\/#article\",\"isPartOf\":{\"@id\":\"https:\\\/\\\/kymiring.com\\\/fi\\\/uutinen\\\/tuhatpainen-yleiso-nautti-kymiringilla-auringonpaisteessa-mm-motocrossista\\\/\"},\"author\":{\"name\":\"hrenko_admin\",\"@id\":\"https:\\\/\\\/kymiring.com\\\/#\\\/schema\\\/person\\\/e5ac93e4e2a000f856c17b25d1592364\"},\"headline\":\"Tuhatp\u00e4inen yleis\u00f6 nautti KymiRingill\u00e4 auringonpaisteessa MM-motocrossista\",\"datePublished\":\"2025-07-14T14:21:45+00:00\",\"dateModified\":\"2025-12-02T16:53:59+00:00\",\"mainEntityOfPage\":{\"@id\":\"https:\\\/\\\/kymiring.com\\\/fi\\\/uutinen\\\/tuhatpainen-yleiso-nautti-kymiringilla-auringonpaisteessa-mm-motocrossista\\\/\"},\"wordCount\":2457,\"commentCount\":0,\"image\":{\"@id\":\"https:\\\/\\\/kymiring.com\\\/fi\\\/uutinen\\\/tuhatpainen-yleiso-nautti-kymiringilla-auringonpaisteessa-mm-motocrossista\\\/#primaryimage\"},\"thumbnailUrl\":\"https:\\\/\\\/kymiring.com\\\/wp-content\\\/uploads\\\/2025\\\/12\\\/Yleiskuva_Kuva_Niklas_Hampinen.webp\",\"articleSection\":[\"News1\"],\"inLanguage\":\"fi\",\"potentialAction\":[{\"@type\":\"CommentAction\",\"name\":\"Comment\",\"target\":[\"https:\\\/\\\/kymiring.com\\\/fi\\\/uutinen\\\/tuhatpainen-yleiso-nautti-kymiringilla-auringonpaisteessa-mm-motocrossista\\\/#respond\"]}]},{\"@type\":\"WebPage\",\"@id\":\"https:\\\/\\\/kymiring.com\\\/fi\\\/uutinen\\\/tuhatpainen-yleiso-nautti-kymiringilla-auringonpaisteessa-mm-motocrossista\\\/\",\"url\":\"https:\\\/\\\/kymiring.com\\\/fi\\\/uutinen\\\/tuhatpainen-yleiso-nautti-kymiringilla-auringonpaisteessa-mm-motocrossista\\\/\",\"name\":\"Tuhatp\u00e4inen yleis\u00f6 nautti KymiRingill\u00e4 auringonpaisteessa MM-motocrossista - KymiRing Racing Circuit\",\"isPartOf\":{\"@id\":\"https:\\\/\\\/kymiring.com\\\/#website\"},\"primaryImageOfPage\":{\"@id\":\"https:\\\/\\\/kymiring.com\\\/fi\\\/uutinen\\\/tuhatpainen-yleiso-nautti-kymiringilla-auringonpaisteessa-mm-motocrossista\\\/#primaryimage\"},\"image\":{\"@id\":\"https:\\\/\\\/kymiring.com\\\/fi\\\/uutinen\\\/tuhatpainen-yleiso-nautti-kymiringilla-auringonpaisteessa-mm-motocrossista\\\/#primaryimage\"},\"thumbnailUrl\":\"https:\\\/\\\/kymiring.com\\\/wp-content\\\/uploads\\\/2025\\\/12\\\/Yleiskuva_Kuva_Niklas_Hampinen.webp\",\"datePublished\":\"2025-07-14T14:21:45+00:00\",\"dateModified\":\"2025-12-02T16:53:59+00:00\",\"author\":{\"@id\":\"https:\\\/\\\/kymiring.com\\\/#\\\/schema\\\/person\\\/e5ac93e4e2a000f856c17b25d1592364\"},\"breadcrumb\":{\"@id\":\"https:\\\/\\\/kymiring.com\\\/fi\\\/uutinen\\\/tuhatpainen-yleiso-nautti-kymiringilla-auringonpaisteessa-mm-motocrossista\\\/#breadcrumb\"},\"inLanguage\":\"fi\",\"potentialAction\":[{\"@type\":\"ReadAction\",\"target\":[\"https:\\\/\\\/kymiring.com\\\/fi\\\/uutinen\\\/tuhatpainen-yleiso-nautti-kymiringilla-auringonpaisteessa-mm-motocrossista\\\/\"]}]},{\"@type\":\"ImageObject\",\"inLanguage\":\"fi\",\"@id\":\"https:\\\/\\\/kymiring.com\\\/fi\\\/uutinen\\\/tuhatpainen-yleiso-nautti-kymiringilla-auringonpaisteessa-mm-motocrossista\\\/#primaryimage\",\"url\":\"https:\\\/\\\/kymiring.com\\\/wp-content\\\/uploads\\\/2025\\\/12\\\/Yleiskuva_Kuva_Niklas_Hampinen.webp\",\"contentUrl\":\"https:\\\/\\\/kymiring.com\\\/wp-content\\\/uploads\\\/2025\\\/12\\\/Yleiskuva_Kuva_Niklas_Hampinen.webp\",\"width\":1280,\"height\":854},{\"@type\":\"BreadcrumbList\",\"@id\":\"https:\\\/\\\/kymiring.com\\\/fi\\\/uutinen\\\/tuhatpainen-yleiso-nautti-kymiringilla-auringonpaisteessa-mm-motocrossista\\\/#breadcrumb\",\"itemListElement\":[{\"@type\":\"ListItem\",\"position\":1,\"name\":\"Etusivu\",\"item\":\"https:\\\/\\\/kymiring.com\\\/fi\\\/\"},{\"@type\":\"ListItem\",\"position\":2,\"name\":\"Tuhatp\u00e4inen yleis\u00f6 nautti KymiRingill\u00e4 auringonpaisteessa MM-motocrossista\"}]},{\"@type\":\"WebSite\",\"@id\":\"https:\\\/\\\/kymiring.com\\\/#website\",\"url\":\"https:\\\/\\\/kymiring.com\\\/\",\"name\":\"KymiRing Racing Circuit\",\"description\":\"Pohjois-Euroopan ainoa GP-rata\\n\",\"potentialAction\":[{\"@type\":\"SearchAction\",\"target\":{\"@type\":\"EntryPoint\",\"urlTemplate\":\"https:\\\/\\\/kymiring.com\\\/?s={search_term_string}\"},\"query-input\":{\"@type\":\"PropertyValueSpecification\",\"valueRequired\":true,\"valueName\":\"search_term_string\"}}],\"inLanguage\":\"fi\"},{\"@type\":\"Person\",\"@id\":\"https:\\\/\\\/kymiring.com\\\/#\\\/schema\\\/person\\\/e5ac93e4e2a000f856c17b25d1592364\",\"name\":\"hrenko_admin\",\"image\":{\"@type\":\"ImageObject\",\"inLanguage\":\"fi\",\"@id\":\"https:\\\/\\\/secure.gravatar.com\\\/avatar\\\/7c9aa0a44ac5b81c1838c1a4fdc24f6a3de2710b7cf9b20ac5798c205b908f2f?s=96&d=mm&r=g\",\"url\":\"https:\\\/\\\/secure.gravatar.com\\\/avatar\\\/7c9aa0a44ac5b81c1838c1a4fdc24f6a3de2710b7cf9b20ac5798c205b908f2f?s=96&d=mm&r=g\",\"contentUrl\":\"https:\\\/\\\/secure.gravatar.com\\\/avatar\\\/7c9aa0a44ac5b81c1838c1a4fdc24f6a3de2710b7cf9b20ac5798c205b908f2f?s=96&d=mm&r=g\",\"caption\":\"hrenko_admin\"},\"sameAs\":[\"https:\\\/\\\/kymiring.com\"],\"url\":\"https:\\\/\\\/kymiring.com\\\/fi\\\/author\\\/hrenko_admin\\\/\"}]}<\/script>\n<!-- \/ Yoast SEO plugin. -->","yoast_head_json":{"title":"Tuhatp\u00e4inen yleis\u00f6 nautti KymiRingill\u00e4 auringonpaisteessa MM-motocrossista - KymiRing Racing Circuit","robots":{"index":"index","follow":"follow","max-snippet":"max-snippet:-1","max-image-preview":"max-image-preview:large","max-video-preview":"max-video-preview:-1"},"canonical":"https:\/\/kymiring.com\/fi\/uutinen\/tuhatpainen-yleiso-nautti-kymiringilla-auringonpaisteessa-mm-motocrossista\/","og_locale":"fi_FI","og_type":"article","og_title":"Tuhatp\u00e4inen yleis\u00f6 nautti KymiRingill\u00e4 auringonpaisteessa MM-motocrossista - KymiRing Racing Circuit","og_description":"Aliquam eu nunc. Maecenas vestibulum mollis diam. Sed libero.","og_url":"https:\/\/kymiring.com\/fi\/uutinen\/tuhatpainen-yleiso-nautti-kymiringilla-auringonpaisteessa-mm-motocrossista\/","og_site_name":"KymiRing Racing Circuit","article_published_time":"2025-07-14T14:21:45+00:00","article_modified_time":"2025-12-02T16:53:59+00:00","og_image":[{"width":1280,"height":854,"url":"https:\/\/kymiring.com\/wp-content\/uploads\/2025\/12\/Yleiskuva_Kuva_Niklas_Hampinen.webp","type":"image\/webp"}],"author":"hrenko_admin","twitter_card":"summary_large_image","twitter_misc":{"Kirjoittanut":"hrenko_admin","Arvioitu lukuaika":"3 minuuttia"},"schema":{"@context":"https:\/\/schema.org","@graph":[{"@type":"Article","@id":"https:\/\/kymiring.com\/fi\/uutinen\/tuhatpainen-yleiso-nautti-kymiringilla-auringonpaisteessa-mm-motocrossista\/#article","isPartOf":{"@id":"https:\/\/kymiring.com\/fi\/uutinen\/tuhatpainen-yleiso-nautti-kymiringilla-auringonpaisteessa-mm-motocrossista\/"},"author":{"name":"hrenko_admin","@id":"https:\/\/kymiring.com\/#\/schema\/person\/e5ac93e4e2a000f856c17b25d1592364"},"headline":"Tuhatp\u00e4inen yleis\u00f6 nautti KymiRingill\u00e4 auringonpaisteessa MM-motocrossista","datePublished":"2025-07-14T14:21:45+00:00","dateModified":"2025-12-02T16:53:59+00:00","mainEntityOfPage":{"@id":"https:\/\/kymiring.com\/fi\/uutinen\/tuhatpainen-yleiso-nautti-kymiringilla-auringonpaisteessa-mm-motocrossista\/"},"wordCount":2457,"commentCount":0,"image":{"@id":"https:\/\/kymiring.com\/fi\/uutinen\/tuhatpainen-yleiso-nautti-kymiringilla-auringonpaisteessa-mm-motocrossista\/#primaryimage"},"thumbnailUrl":"https:\/\/kymiring.com\/wp-content\/uploads\/2025\/12\/Yleiskuva_Kuva_Niklas_Hampinen.webp","articleSection":["News1"],"inLanguage":"fi","potentialAction":[{"@type":"CommentAction","name":"Comment","target":["https:\/\/kymiring.com\/fi\/uutinen\/tuhatpainen-yleiso-nautti-kymiringilla-auringonpaisteessa-mm-motocrossista\/#respond"]}]},{"@type":"WebPage","@id":"https:\/\/kymiring.com\/fi\/uutinen\/tuhatpainen-yleiso-nautti-kymiringilla-auringonpaisteessa-mm-motocrossista\/","url":"https:\/\/kymiring.com\/fi\/uutinen\/tuhatpainen-yleiso-nautti-kymiringilla-auringonpaisteessa-mm-motocrossista\/","name":"Tuhatp\u00e4inen yleis\u00f6 nautti KymiRingill\u00e4 auringonpaisteessa MM-motocrossista - KymiRing Racing Circuit","isPartOf":{"@id":"https:\/\/kymiring.com\/#website"},"primaryImageOfPage":{"@id":"https:\/\/kymiring.com\/fi\/uutinen\/tuhatpainen-yleiso-nautti-kymiringilla-auringonpaisteessa-mm-motocrossista\/#primaryimage"},"image":{"@id":"https:\/\/kymiring.com\/fi\/uutinen\/tuhatpainen-yleiso-nautti-kymiringilla-auringonpaisteessa-mm-motocrossista\/#primaryimage"},"thumbnailUrl":"https:\/\/kymiring.com\/wp-content\/uploads\/2025\/12\/Yleiskuva_Kuva_Niklas_Hampinen.webp","datePublished":"2025-07-14T14:21:45+00:00","dateModified":"2025-12-02T16:53:59+00:00","author":{"@id":"https:\/\/kymiring.com\/#\/schema\/person\/e5ac93e4e2a000f856c17b25d1592364"},"breadcrumb":{"@id":"https:\/\/kymiring.com\/fi\/uutinen\/tuhatpainen-yleiso-nautti-kymiringilla-auringonpaisteessa-mm-motocrossista\/#breadcrumb"},"inLanguage":"fi","potentialAction":[{"@type":"ReadAction","target":["https:\/\/kymiring.com\/fi\/uutinen\/tuhatpainen-yleiso-nautti-kymiringilla-auringonpaisteessa-mm-motocrossista\/"]}]},{"@type":"ImageObject","inLanguage":"fi","@id":"https:\/\/kymiring.com\/fi\/uutinen\/tuhatpainen-yleiso-nautti-kymiringilla-auringonpaisteessa-mm-motocrossista\/#primaryimage","url":"https:\/\/kymiring.com\/wp-content\/uploads\/2025\/12\/Yleiskuva_Kuva_Niklas_Hampinen.webp","contentUrl":"https:\/\/kymiring.com\/wp-content\/uploads\/2025\/12\/Yleiskuva_Kuva_Niklas_Hampinen.webp","width":1280,"height":854},{"@type":"BreadcrumbList","@id":"https:\/\/kymiring.com\/fi\/uutinen\/tuhatpainen-yleiso-nautti-kymiringilla-auringonpaisteessa-mm-motocrossista\/#breadcrumb","itemListElement":[{"@type":"ListItem","position":1,"name":"Etusivu","item":"https:\/\/kymiring.com\/fi\/"},{"@type":"ListItem","position":2,"name":"Tuhatp\u00e4inen yleis\u00f6 nautti KymiRingill\u00e4 auringonpaisteessa MM-motocrossista"}]},{"@type":"WebSite","@id":"https:\/\/kymiring.com\/#website","url":"https:\/\/kymiring.com\/","name":"KymiRing Racing Circuit","description":"Pohjois-Euroopan ainoa GP-rata\n","potentialAction":[{"@type":"SearchAction","target":{"@type":"EntryPoint","urlTemplate":"https:\/\/kymiring.com\/?s={search_term_string}"},"query-input":{"@type":"PropertyValueSpecification","valueRequired":true,"valueName":"search_term_string"}}],"inLanguage":"fi"},{"@type":"Person","@id":"https:\/\/kymiring.com\/#\/schema\/person\/e5ac93e4e2a000f856c17b25d1592364","name":"hrenko_admin","image":{"@type":"ImageObject","inLanguage":"fi","@id":"https:\/\/secure.gravatar.com\/avatar\/7c9aa0a44ac5b81c1838c1a4fdc24f6a3de2710b7cf9b20ac5798c205b908f2f?s=96&d=mm&r=g","url":"https:\/\/secure.gravatar.com\/avatar\/7c9aa0a44ac5b81c1838c1a4fdc24f6a3de2710b7cf9b20ac5798c205b908f2f?s=96&d=mm&r=g","contentUrl":"https:\/\/secure.gravatar.com\/avatar\/7c9aa0a44ac5b81c1838c1a4fdc24f6a3de2710b7cf9b20ac5798c205b908f2f?s=96&d=mm&r=g","caption":"hrenko_admin"},"sameAs":["https:\/\/kymiring.com"],"url":"https:\/\/kymiring.com\/fi\/author\/hrenko_admin\/"}]}},"_links":{"self":[{"href":"https:\/\/kymiring.com\/fi\/wp-json\/wp\/v2\/posts\/7947","targetHints":{"allow":["GET"]}}],"collection":[{"href":"https:\/\/kymiring.com\/fi\/wp-json\/wp\/v2\/posts"}],"about":[{"href":"https:\/\/kymiring.com\/fi\/wp-json\/wp\/v2\/types\/post"}],"author":[{"embeddable":true,"href":"https:\/\/kymiring.com\/fi\/wp-json\/wp\/v2\/users\/1"}],"replies":[{"embeddable":true,"href":"https:\/\/kymiring.com\/fi\/wp-json\/wp\/v2\/comments?post=7947"}],"version-history":[{"count":3,"href":"https:\/\/kymiring.com\/fi\/wp-json\/wp\/v2\/posts\/7947\/revisions"}],"predecessor-version":[{"id":7954,"href":"https:\/\/kymiring.com\/fi\/wp-json\/wp\/v2\/posts\/7947\/revisions\/7954"}],"wp:featuredmedia":[{"embeddable":true,"href":"https:\/\/kymiring.com\/fi\/wp-json\/wp\/v2\/media\/7948"}],"wp:attachment":[{"href":"https:\/\/kymiring.com\/fi\/wp-json\/wp\/v2\/media?parent=7947"}],"wp:term":[{"taxonomy":"category","embeddable":true,"href":"https:\/\/kymiring.com\/fi\/wp-json\/wp\/v2\/categories?post=7947"},{"taxonomy":"post_tag","embeddable":true,"href":"https:\/\/kymiring.com\/fi\/wp-json\/wp\/v2\/tags?post=7947"}],"curies":[{"name":"wp","href":"https:\/\/api.w.org\/{rel}","templated":true}]}}